{"id":3274,"date":"2023-06-27T16:01:38","date_gmt":"2023-06-27T14:01:38","guid":{"rendered":"https:\/\/sporting.co.it\/?p=3274"},"modified":"2023-07-10T21:49:44","modified_gmt":"2023-07-10T19:49:44","slug":"notte-in-tenda-per-il-summer-camp-iscrizioni-aperte-per-la-seconda-notte","status":"publish","type":"post","link":"https:\/\/sporting.co.it\/index.php\/2023\/06\/27\/notte-in-tenda-per-il-summer-camp-iscrizioni-aperte-per-la-seconda-notte\/","title":{"rendered":"NOTTE IN TENDA PER IL SUMMER CAMP: ISCRIZIONI APERTE PER LA SECONDA NOTTE"},"content":{"rendered":"\n<p class=\"wp-block-paragraph\">Siamo alla terza settimana del nostro <strong><a rel=\"noreferrer noopener\" href=\"https:\/\/sporting.co.it\/index.php\/sporting-summer-camp-2023\/\" target=\"_blank\">SUMMER CAMP<\/a><\/strong>. Dopo il successo della prima notte di marted\u00ec 20 giugno eccoci arrivati al secondo appuntamento con le &#8220;Notti in Tenda&#8221; allo sporting \ud83d\ude42<\/p>\n\n\n\n<p class=\"wp-block-paragraph\">Grazie alla disponibilit\u00e0 e collaborazione degli amici della <strong><a rel=\"noreferrer noopener\" href=\"https:\/\/www.protezionecivileterredifrontiera.com\/\" target=\"_blank\">PROTEZIONE CIVILE<\/a><\/strong> dell&#8217;Unione dei Comuni di Terre di Frontiera, che ha approntato un campo con tre bellissime tende che resteranno fisse per tutta la durata del nostro <strong><a rel=\"noreferrer noopener\" href=\"https:\/\/sporting.co.it\/index.php\/sporting-summer-camp-2023\/\" target=\"_blank\">SUMMER CAMP<\/a><\/strong>.<\/p>\n\n\n\n<p class=\"wp-block-paragraph\">La seconda notte (delle tre\/quattro previste per tutta l&#8217;estate) \u00e8 prevista dalla sera di gioved\u00ec 6 luglio. <\/p>\n\n\n\n<p class=\"wp-block-paragraph\">Il programma \u00e8 molto semplice: dapprima ci dedicheremo alla caccia alle lucciole, poi passeremo ai racconti a lume di candela e poi tutti a dormire, controllati dalle nostre Coach. <\/p>\n\n\n\n<p class=\"wp-block-paragraph\">La mattina successiva ci sveglier\u00e0 il profumo delle Brioches del <strong><em>Pasticcere Stefano Franzi<\/em><\/strong>, fatte apposta da lui per i nostri campeggiatori notturni!!! Brioches gentilmente offerte dalla <strong><em>PASTICCERIA FRANZI di Olgiate Comasco<\/em><\/strong> accompagnate da succhi di frutta ci aspetteranno quindi per la colazione. Terminata la colazione, si riprender\u00e0 con un&#8217;altra fantastica giornata di <strong><a rel=\"noreferrer noopener\" href=\"https:\/\/sporting.co.it\/index.php\/sporting-summer-camp-2023\/\" target=\"_blank\">SUMMER CAMP<\/a><\/strong>.<\/p>\n\n\n\n<p class=\"wp-block-paragraph\">Questa iniziativa \u00e8 riservata agli iscritti del nostro <strong><a rel=\"noreferrer noopener\" href=\"https:\/\/sporting.co.it\/index.php\/sporting-summer-camp-2023\/\" target=\"_blank\">SUMMER CAMP<\/a><\/strong>, che sono comunque un numero considerevole. Per questo motivo il numero di posti disponibili per questo evento \u00e8 limitato.<\/p>\n\n\n\n<p class=\"wp-block-paragraph\"><strong><em>L&#8217;iscrizione pu\u00f2 gi\u00e0 essere fatta gi\u00e0 da subito da tutti i partecipanti al <a rel=\"noreferrer noopener\" href=\"https:\/\/sporting.co.it\/index.php\/sporting-summer-camp-2023\/\" target=\"_blank\">CAMP <\/a>di settimana prossima.<\/em><\/strong> <\/p>\n\n\n\n<p class=\"has-black-color has-text-color wp-block-paragraph\">Daremo per\u00f2 la precedenza (fino a dopodomani gioved\u00ec) agli iscritti che non hanno partecipato alla notte del 20 giugno. Da venerd\u00ec inseriremo a seguire le iscrizioni gi\u00e0 arrivate di chi ha partecipato il 20 giugno e a seguire tutte le altre fino a raggiungere il numero limite degli iscritti che possiamo avere.<\/p>\n\n\n\n<p class=\"wp-block-paragraph\">Vi potete iscrivere subito compilando il veloce form qui sotto.<\/p>\n\n\n\n<p class=\"wp-block-paragraph\">La quota di iscrizione individuale \u00e8 di 15 Euro (da pagare sul posto, la sera del 6 luglio) e comprende tutte le attivit\u00e0 della serata, la notte in tenda e la colazione del giorno successivo<\/p>\n\n\n\n<p class=\"wp-block-paragraph\"><\/p>\n","protected":false},"excerpt":{"rendered":"<p>Siamo alla terza settimana del nostro SUMMER CAMP. Dopo il successo della prima notte di marted\u00ec 20 giugno eccoci arrivati al secondo appuntamento con le &#8220;Notti in Tenda&#8221; allo sporting \ud83d\ude42 Grazie alla disponibilit\u00e0 e collaborazione degli amici della PROTEZIONE&#8230; <a class=\"more-link\" href=\"https:\/\/sporting.co.it\/index.php\/2023\/06\/27\/notte-in-tenda-per-il-summer-camp-iscrizioni-aperte-per-la-seconda-notte\/\">Continua a leggere &rarr;<\/a><\/p>\n","protected":false},"author":1,"featured_media":3275,"comment_status":"closed","ping_status":"closed","sticky":false,"template":"","format":"standard","meta":{"_crdt_document":"","_exactmetrics_skip_tracking":false,"_exactmetrics_sitenote_active":false,"_exactmetrics_sitenote_note":"","_exactmetrics_sitenote_category":0,"ngg_post_thumbnail":0,"_joinchat":[],"footnotes":""},"categories":[97],"tags":[98,99,166,125,21,108,165],"class_list":["post-3274","post","type-post","status-publish","format-standard","has-post-thumbnail","hentry","category-camp-estivo","tag-camp","tag-campestivo","tag-notteintenda","tag-scf","tag-sportingfaloppio","tag-summercamp","tag-tenda"],"yoast_head":"<!-- This site is optimized with the Yoast SEO plugin v27.5 - https:\/\/yoast.com\/product\/yoast-seo-wordpress\/ -->\n<title>NOTTE IN TENDA PER IL SUMMER CAMP: ISCRIZIONI APERTE PER LA SECONDA NOTTE - Sporting Faloppio - 100% Tennis &amp; Sport<\/title>\n<meta name=\"robots\" content=\"index, follow, max-snippet:-1, max-image-preview:large, max-video-preview:-1\" \/>\n<link rel=\"canonical\" href=\"https:\/\/sporting.co.it\/index.php\/2023\/06\/27\/notte-in-tenda-per-il-summer-camp-iscrizioni-aperte-per-la-seconda-notte\/\" \/>\n<meta property=\"og:locale\" content=\"it_IT\" \/>\n<meta property=\"og:type\" content=\"article\" \/>\n<meta property=\"og:title\" content=\"NOTTE IN TENDA PER IL SUMMER CAMP: ISCRIZIONI APERTE PER LA SECONDA NOTTE - Sporting Faloppio - 100% Tennis &amp; Sport\" \/>\n<meta property=\"og:description\" content=\"Siamo alla terza settimana del nostro SUMMER CAMP. Dopo il successo della prima notte di marted\u00ec 20 giugno eccoci arrivati al secondo appuntamento con le &#8220;Notti in Tenda&#8221; allo sporting \ud83d\ude42 Grazie alla disponibilit\u00e0 e collaborazione degli amici della PROTEZIONE... Continua a leggere &rarr;\" \/>\n<meta property=\"og:url\" content=\"https:\/\/sporting.co.it\/index.php\/2023\/06\/27\/notte-in-tenda-per-il-summer-camp-iscrizioni-aperte-per-la-seconda-notte\/\" \/>\n<meta property=\"og:site_name\" content=\"Sporting Faloppio - 100% Tennis &amp; Sport\" \/>\n<meta property=\"article:publisher\" content=\"https:\/\/www.facebook.com\/sportingclubfaloppio\/\" \/>\n<meta property=\"article:published_time\" content=\"2023-06-27T14:01:38+00:00\" \/>\n<meta property=\"article:modified_time\" content=\"2023-07-10T19:49:44+00:00\" \/>\n<meta property=\"og:image\" content=\"https:\/\/sporting.co.it\/wp-content\/uploads\/2023\/06\/SecondaNotte-in-Tenda.png\" \/>\n\t<meta property=\"og:image:width\" content=\"1080\" \/>\n\t<meta property=\"og:image:height\" content=\"1080\" \/>\n\t<meta property=\"og:image:type\" content=\"image\/png\" \/>\n<meta name=\"author\" content=\"Admin\" \/>\n<meta name=\"twitter:card\" content=\"summary_large_image\" \/>\n<meta name=\"twitter:label1\" content=\"Scritto da\" \/>\n\t<meta name=\"twitter:data1\" content=\"Admin\" \/>\n\t<meta name=\"twitter:label2\" content=\"Tempo di lettura stimato\" \/>\n\t<meta name=\"twitter:data2\" content=\"2 minuti\" \/>\n<script type=\"application\/ld+json\" class=\"yoast-schema-graph\">{\"@context\":\"https:\\\/\\\/schema.org\",\"@graph\":[{\"@type\":\"Article\",\"@id\":\"https:\\\/\\\/sporting.co.it\\\/index.php\\\/2023\\\/06\\\/27\\\/notte-in-tenda-per-il-summer-camp-iscrizioni-aperte-per-la-seconda-notte\\\/#article\",\"isPartOf\":{\"@id\":\"https:\\\/\\\/sporting.co.it\\\/index.php\\\/2023\\\/06\\\/27\\\/notte-in-tenda-per-il-summer-camp-iscrizioni-aperte-per-la-seconda-notte\\\/\"},\"author\":{\"name\":\"Admin\",\"@id\":\"https:\\\/\\\/sporting.co.it\\\/#\\\/schema\\\/person\\\/028ddcec3f265c8ec1dfee5d2bc10966\"},\"headline\":\"NOTTE IN TENDA PER IL SUMMER CAMP: ISCRIZIONI APERTE PER LA SECONDA NOTTE\",\"datePublished\":\"2023-06-27T14:01:38+00:00\",\"dateModified\":\"2023-07-10T19:49:44+00:00\",\"mainEntityOfPage\":{\"@id\":\"https:\\\/\\\/sporting.co.it\\\/index.php\\\/2023\\\/06\\\/27\\\/notte-in-tenda-per-il-summer-camp-iscrizioni-aperte-per-la-seconda-notte\\\/\"},\"wordCount\":318,\"publisher\":{\"@id\":\"https:\\\/\\\/sporting.co.it\\\/#organization\"},\"image\":{\"@id\":\"https:\\\/\\\/sporting.co.it\\\/index.php\\\/2023\\\/06\\\/27\\\/notte-in-tenda-per-il-summer-camp-iscrizioni-aperte-per-la-seconda-notte\\\/#primaryimage\"},\"thumbnailUrl\":\"https:\\\/\\\/sporting.co.it\\\/wp-content\\\/uploads\\\/2023\\\/06\\\/SecondaNotte-in-Tenda.png\",\"keywords\":[\"camp\",\"campestivo\",\"notteintenda\",\"SCF\",\"sportingfaloppio\",\"summercamp\",\"TENDA\"],\"articleSection\":[\"Camp Estivo\"],\"inLanguage\":\"it-IT\"},{\"@type\":\"WebPage\",\"@id\":\"https:\\\/\\\/sporting.co.it\\\/index.php\\\/2023\\\/06\\\/27\\\/notte-in-tenda-per-il-summer-camp-iscrizioni-aperte-per-la-seconda-notte\\\/\",\"url\":\"https:\\\/\\\/sporting.co.it\\\/index.php\\\/2023\\\/06\\\/27\\\/notte-in-tenda-per-il-summer-camp-iscrizioni-aperte-per-la-seconda-notte\\\/\",\"name\":\"NOTTE IN TENDA PER IL SUMMER CAMP: ISCRIZIONI APERTE PER LA SECONDA NOTTE - Sporting Faloppio - 100% Tennis &amp; Sport\",\"isPartOf\":{\"@id\":\"https:\\\/\\\/sporting.co.it\\\/#website\"},\"primaryImageOfPage\":{\"@id\":\"https:\\\/\\\/sporting.co.it\\\/index.php\\\/2023\\\/06\\\/27\\\/notte-in-tenda-per-il-summer-camp-iscrizioni-aperte-per-la-seconda-notte\\\/#primaryimage\"},\"image\":{\"@id\":\"https:\\\/\\\/sporting.co.it\\\/index.php\\\/2023\\\/06\\\/27\\\/notte-in-tenda-per-il-summer-camp-iscrizioni-aperte-per-la-seconda-notte\\\/#primaryimage\"},\"thumbnailUrl\":\"https:\\\/\\\/sporting.co.it\\\/wp-content\\\/uploads\\\/2023\\\/06\\\/SecondaNotte-in-Tenda.png\",\"datePublished\":\"2023-06-27T14:01:38+00:00\",\"dateModified\":\"2023-07-10T19:49:44+00:00\",\"breadcrumb\":{\"@id\":\"https:\\\/\\\/sporting.co.it\\\/index.php\\\/2023\\\/06\\\/27\\\/notte-in-tenda-per-il-summer-camp-iscrizioni-aperte-per-la-seconda-notte\\\/#breadcrumb\"},\"inLanguage\":\"it-IT\",\"potentialAction\":[{\"@type\":\"ReadAction\",\"target\":[\"https:\\\/\\\/sporting.co.it\\\/index.php\\\/2023\\\/06\\\/27\\\/notte-in-tenda-per-il-summer-camp-iscrizioni-aperte-per-la-seconda-notte\\\/\"]}]},{\"@type\":\"ImageObject\",\"inLanguage\":\"it-IT\",\"@id\":\"https:\\\/\\\/sporting.co.it\\\/index.php\\\/2023\\\/06\\\/27\\\/notte-in-tenda-per-il-summer-camp-iscrizioni-aperte-per-la-seconda-notte\\\/#primaryimage\",\"url\":\"https:\\\/\\\/sporting.co.it\\\/wp-content\\\/uploads\\\/2023\\\/06\\\/SecondaNotte-in-Tenda.png\",\"contentUrl\":\"https:\\\/\\\/sporting.co.it\\\/wp-content\\\/uploads\\\/2023\\\/06\\\/SecondaNotte-in-Tenda.png\",\"width\":1080,\"height\":1080},{\"@type\":\"BreadcrumbList\",\"@id\":\"https:\\\/\\\/sporting.co.it\\\/index.php\\\/2023\\\/06\\\/27\\\/notte-in-tenda-per-il-summer-camp-iscrizioni-aperte-per-la-seconda-notte\\\/#breadcrumb\",\"itemListElement\":[{\"@type\":\"ListItem\",\"position\":1,\"name\":\"Home\",\"item\":\"https:\\\/\\\/sporting.co.it\\\/\"},{\"@type\":\"ListItem\",\"position\":2,\"name\":\"NOTTE IN TENDA PER IL SUMMER CAMP: ISCRIZIONI APERTE PER LA SECONDA NOTTE\"}]},{\"@type\":\"WebSite\",\"@id\":\"https:\\\/\\\/sporting.co.it\\\/#website\",\"url\":\"https:\\\/\\\/sporting.co.it\\\/\",\"name\":\"Sporting Faloppio - 100% Tennis e Sport\",\"description\":\"\",\"publisher\":{\"@id\":\"https:\\\/\\\/sporting.co.it\\\/#organization\"},\"potentialAction\":[{\"@type\":\"SearchAction\",\"target\":{\"@type\":\"EntryPoint\",\"urlTemplate\":\"https:\\\/\\\/sporting.co.it\\\/?s={search_term_string}\"},\"query-input\":{\"@type\":\"PropertyValueSpecification\",\"valueRequired\":true,\"valueName\":\"search_term_string\"}}],\"inLanguage\":\"it-IT\"},{\"@type\":\"Organization\",\"@id\":\"https:\\\/\\\/sporting.co.it\\\/#organization\",\"name\":\"Sporting Faloppio\",\"url\":\"https:\\\/\\\/sporting.co.it\\\/\",\"logo\":{\"@type\":\"ImageObject\",\"inLanguage\":\"it-IT\",\"@id\":\"https:\\\/\\\/sporting.co.it\\\/#\\\/schema\\\/logo\\\/image\\\/\",\"url\":\"https:\\\/\\\/sporting.co.it\\\/wp-content\\\/uploads\\\/2018\\\/08\\\/ball-court-exercise-7753.jpg\",\"contentUrl\":\"https:\\\/\\\/sporting.co.it\\\/wp-content\\\/uploads\\\/2018\\\/08\\\/ball-court-exercise-7753.jpg\",\"width\":3264,\"height\":2448,\"caption\":\"Sporting Faloppio\"},\"image\":{\"@id\":\"https:\\\/\\\/sporting.co.it\\\/#\\\/schema\\\/logo\\\/image\\\/\"},\"sameAs\":[\"https:\\\/\\\/www.facebook.com\\\/sportingclubfaloppio\\\/\"]},{\"@type\":\"Person\",\"@id\":\"https:\\\/\\\/sporting.co.it\\\/#\\\/schema\\\/person\\\/028ddcec3f265c8ec1dfee5d2bc10966\",\"name\":\"Admin\",\"image\":{\"@type\":\"ImageObject\",\"inLanguage\":\"it-IT\",\"@id\":\"https:\\\/\\\/secure.gravatar.com\\\/avatar\\\/ca9bcd07b7971fcb9404e761ffd571a25e2263469aaee5481917ac8aa0666445?s=96&d=mm&r=g\",\"url\":\"https:\\\/\\\/secure.gravatar.com\\\/avatar\\\/ca9bcd07b7971fcb9404e761ffd571a25e2263469aaee5481917ac8aa0666445?s=96&d=mm&r=g\",\"contentUrl\":\"https:\\\/\\\/secure.gravatar.com\\\/avatar\\\/ca9bcd07b7971fcb9404e761ffd571a25e2263469aaee5481917ac8aa0666445?s=96&d=mm&r=g\",\"caption\":\"Admin\"},\"url\":\"https:\\\/\\\/sporting.co.it\\\/index.php\\\/author\\\/admin6171\\\/\"}]}<\/script>\n<!-- \/ Yoast SEO plugin. -->","yoast_head_json":{"title":"NOTTE IN TENDA PER IL SUMMER CAMP: ISCRIZIONI APERTE PER LA SECONDA NOTTE - Sporting Faloppio - 100% Tennis &amp; Sport","robots":{"index":"index","follow":"follow","max-snippet":"max-snippet:-1","max-image-preview":"max-image-preview:large","max-video-preview":"max-video-preview:-1"},"canonical":"https:\/\/sporting.co.it\/index.php\/2023\/06\/27\/notte-in-tenda-per-il-summer-camp-iscrizioni-aperte-per-la-seconda-notte\/","og_locale":"it_IT","og_type":"article","og_title":"NOTTE IN TENDA PER IL SUMMER CAMP: ISCRIZIONI APERTE PER LA SECONDA NOTTE - Sporting Faloppio - 100% Tennis &amp; Sport","og_description":"Siamo alla terza settimana del nostro SUMMER CAMP. Dopo il successo della prima notte di marted\u00ec 20 giugno eccoci arrivati al secondo appuntamento con le &#8220;Notti in Tenda&#8221; allo sporting \ud83d\ude42 Grazie alla disponibilit\u00e0 e collaborazione degli amici della PROTEZIONE... Continua a leggere &rarr;","og_url":"https:\/\/sporting.co.it\/index.php\/2023\/06\/27\/notte-in-tenda-per-il-summer-camp-iscrizioni-aperte-per-la-seconda-notte\/","og_site_name":"Sporting Faloppio - 100% Tennis &amp; Sport","article_publisher":"https:\/\/www.facebook.com\/sportingclubfaloppio\/","article_published_time":"2023-06-27T14:01:38+00:00","article_modified_time":"2023-07-10T19:49:44+00:00","og_image":[{"width":1080,"height":1080,"url":"https:\/\/sporting.co.it\/wp-content\/uploads\/2023\/06\/SecondaNotte-in-Tenda.png","type":"image\/png"}],"author":"Admin","twitter_card":"summary_large_image","twitter_misc":{"Scritto da":"Admin","Tempo di lettura stimato":"2 minuti"},"schema":{"@context":"https:\/\/schema.org","@graph":[{"@type":"Article","@id":"https:\/\/sporting.co.it\/index.php\/2023\/06\/27\/notte-in-tenda-per-il-summer-camp-iscrizioni-aperte-per-la-seconda-notte\/#article","isPartOf":{"@id":"https:\/\/sporting.co.it\/index.php\/2023\/06\/27\/notte-in-tenda-per-il-summer-camp-iscrizioni-aperte-per-la-seconda-notte\/"},"author":{"name":"Admin","@id":"https:\/\/sporting.co.it\/#\/schema\/person\/028ddcec3f265c8ec1dfee5d2bc10966"},"headline":"NOTTE IN TENDA PER IL SUMMER CAMP: ISCRIZIONI APERTE PER LA SECONDA NOTTE","datePublished":"2023-06-27T14:01:38+00:00","dateModified":"2023-07-10T19:49:44+00:00","mainEntityOfPage":{"@id":"https:\/\/sporting.co.it\/index.php\/2023\/06\/27\/notte-in-tenda-per-il-summer-camp-iscrizioni-aperte-per-la-seconda-notte\/"},"wordCount":318,"publisher":{"@id":"https:\/\/sporting.co.it\/#organization"},"image":{"@id":"https:\/\/sporting.co.it\/index.php\/2023\/06\/27\/notte-in-tenda-per-il-summer-camp-iscrizioni-aperte-per-la-seconda-notte\/#primaryimage"},"thumbnailUrl":"https:\/\/sporting.co.it\/wp-content\/uploads\/2023\/06\/SecondaNotte-in-Tenda.png","keywords":["camp","campestivo","notteintenda","SCF","sportingfaloppio","summercamp","TENDA"],"articleSection":["Camp Estivo"],"inLanguage":"it-IT"},{"@type":"WebPage","@id":"https:\/\/sporting.co.it\/index.php\/2023\/06\/27\/notte-in-tenda-per-il-summer-camp-iscrizioni-aperte-per-la-seconda-notte\/","url":"https:\/\/sporting.co.it\/index.php\/2023\/06\/27\/notte-in-tenda-per-il-summer-camp-iscrizioni-aperte-per-la-seconda-notte\/","name":"NOTTE IN TENDA PER IL SUMMER CAMP: ISCRIZIONI APERTE PER LA SECONDA NOTTE - Sporting Faloppio - 100% Tennis &amp; Sport","isPartOf":{"@id":"https:\/\/sporting.co.it\/#website"},"primaryImageOfPage":{"@id":"https:\/\/sporting.co.it\/index.php\/2023\/06\/27\/notte-in-tenda-per-il-summer-camp-iscrizioni-aperte-per-la-seconda-notte\/#primaryimage"},"image":{"@id":"https:\/\/sporting.co.it\/index.php\/2023\/06\/27\/notte-in-tenda-per-il-summer-camp-iscrizioni-aperte-per-la-seconda-notte\/#primaryimage"},"thumbnailUrl":"https:\/\/sporting.co.it\/wp-content\/uploads\/2023\/06\/SecondaNotte-in-Tenda.png","datePublished":"2023-06-27T14:01:38+00:00","dateModified":"2023-07-10T19:49:44+00:00","breadcrumb":{"@id":"https:\/\/sporting.co.it\/index.php\/2023\/06\/27\/notte-in-tenda-per-il-summer-camp-iscrizioni-aperte-per-la-seconda-notte\/#breadcrumb"},"inLanguage":"it-IT","potentialAction":[{"@type":"ReadAction","target":["https:\/\/sporting.co.it\/index.php\/2023\/06\/27\/notte-in-tenda-per-il-summer-camp-iscrizioni-aperte-per-la-seconda-notte\/"]}]},{"@type":"ImageObject","inLanguage":"it-IT","@id":"https:\/\/sporting.co.it\/index.php\/2023\/06\/27\/notte-in-tenda-per-il-summer-camp-iscrizioni-aperte-per-la-seconda-notte\/#primaryimage","url":"https:\/\/sporting.co.it\/wp-content\/uploads\/2023\/06\/SecondaNotte-in-Tenda.png","contentUrl":"https:\/\/sporting.co.it\/wp-content\/uploads\/2023\/06\/SecondaNotte-in-Tenda.png","width":1080,"height":1080},{"@type":"BreadcrumbList","@id":"https:\/\/sporting.co.it\/index.php\/2023\/06\/27\/notte-in-tenda-per-il-summer-camp-iscrizioni-aperte-per-la-seconda-notte\/#breadcrumb","itemListElement":[{"@type":"ListItem","position":1,"name":"Home","item":"https:\/\/sporting.co.it\/"},{"@type":"ListItem","position":2,"name":"NOTTE IN TENDA PER IL SUMMER CAMP: ISCRIZIONI APERTE PER LA SECONDA NOTTE"}]},{"@type":"WebSite","@id":"https:\/\/sporting.co.it\/#website","url":"https:\/\/sporting.co.it\/","name":"Sporting Faloppio - 100% Tennis e Sport","description":"","publisher":{"@id":"https:\/\/sporting.co.it\/#organization"},"potentialAction":[{"@type":"SearchAction","target":{"@type":"EntryPoint","urlTemplate":"https:\/\/sporting.co.it\/?s={search_term_string}"},"query-input":{"@type":"PropertyValueSpecification","valueRequired":true,"valueName":"search_term_string"}}],"inLanguage":"it-IT"},{"@type":"Organization","@id":"https:\/\/sporting.co.it\/#organization","name":"Sporting Faloppio","url":"https:\/\/sporting.co.it\/","logo":{"@type":"ImageObject","inLanguage":"it-IT","@id":"https:\/\/sporting.co.it\/#\/schema\/logo\/image\/","url":"https:\/\/sporting.co.it\/wp-content\/uploads\/2018\/08\/ball-court-exercise-7753.jpg","contentUrl":"https:\/\/sporting.co.it\/wp-content\/uploads\/2018\/08\/ball-court-exercise-7753.jpg","width":3264,"height":2448,"caption":"Sporting Faloppio"},"image":{"@id":"https:\/\/sporting.co.it\/#\/schema\/logo\/image\/"},"sameAs":["https:\/\/www.facebook.com\/sportingclubfaloppio\/"]},{"@type":"Person","@id":"https:\/\/sporting.co.it\/#\/schema\/person\/028ddcec3f265c8ec1dfee5d2bc10966","name":"Admin","image":{"@type":"ImageObject","inLanguage":"it-IT","@id":"https:\/\/secure.gravatar.com\/avatar\/ca9bcd07b7971fcb9404e761ffd571a25e2263469aaee5481917ac8aa0666445?s=96&d=mm&r=g","url":"https:\/\/secure.gravatar.com\/avatar\/ca9bcd07b7971fcb9404e761ffd571a25e2263469aaee5481917ac8aa0666445?s=96&d=mm&r=g","contentUrl":"https:\/\/secure.gravatar.com\/avatar\/ca9bcd07b7971fcb9404e761ffd571a25e2263469aaee5481917ac8aa0666445?s=96&d=mm&r=g","caption":"Admin"},"url":"https:\/\/sporting.co.it\/index.php\/author\/admin6171\/"}]}},"_links":{"self":[{"href":"https:\/\/sporting.co.it\/index.php\/wp-json\/wp\/v2\/posts\/3274","targetHints":{"allow":["GET"]}}],"collection":[{"href":"https:\/\/sporting.co.it\/index.php\/wp-json\/wp\/v2\/posts"}],"about":[{"href":"https:\/\/sporting.co.it\/index.php\/wp-json\/wp\/v2\/types\/post"}],"author":[{"embeddable":true,"href":"https:\/\/sporting.co.it\/index.php\/wp-json\/wp\/v2\/users\/1"}],"replies":[{"embeddable":true,"href":"https:\/\/sporting.co.it\/index.php\/wp-json\/wp\/v2\/comments?post=3274"}],"version-history":[{"count":7,"href":"https:\/\/sporting.co.it\/index.php\/wp-json\/wp\/v2\/posts\/3274\/revisions"}],"predecessor-version":[{"id":3292,"href":"https:\/\/sporting.co.it\/index.php\/wp-json\/wp\/v2\/posts\/3274\/revisions\/3292"}],"wp:featuredmedia":[{"embeddable":true,"href":"https:\/\/sporting.co.it\/index.php\/wp-json\/wp\/v2\/media\/3275"}],"wp:attachment":[{"href":"https:\/\/sporting.co.it\/index.php\/wp-json\/wp\/v2\/media?parent=3274"}],"wp:term":[{"taxonomy":"category","embeddable":true,"href":"https:\/\/sporting.co.it\/index.php\/wp-json\/wp\/v2\/categories?post=3274"},{"taxonomy":"post_tag","embeddable":true,"href":"https:\/\/sporting.co.it\/index.php\/wp-json\/wp\/v2\/tags?post=3274"}],"curies":[{"name":"wp","href":"https:\/\/api.w.org\/{rel}","templated":true}]}}